{"id":963,"date":"2014-04-21T15:13:38","date_gmt":"2014-04-21T15:13:38","guid":{"rendered":"http:\/\/wiedza.pagematerialy.pl\/?p=963"},"modified":"2014-04-21T15:13:38","modified_gmt":"2014-04-21T15:13:38","slug":"profesjonalna-fotografia-slubna-fotografia-slubna-bielsko-biala","status":"publish","type":"post","link":"http:\/\/wiedza.pagematerialy.pl\/?p=963","title":{"rendered":"Profesjonalna fotografia \u015blubna &#8211; fotografia \u015blubna Bielsko Bia\u0142a"},"content":{"rendered":"<p>\u015alub to najistotniejsze wydarzenie dla ka\u017cdej osoby, tak\u017ce trzeba w\u00f3wczas zainwestowa\u0107 w specjalistycznego fotografa, kt\u00f3ry zajmie si\u0119 dla nas robieniem zdj\u0119\u0107 nie tylko z ceremonii \u015blubnej, niemniej jednak tak\u017ce i z wesela. Wiadomo, \u017ce <strong>fotografia \u015blubna My\u015blenice<\/strong> to jeden z najlepszych wybor\u00f3w w tera\u017aniejszych czasach, poniewa\u017c za takie us\u0142ugi nie zap\u0142acimy zbyt wiele pieni\u0119dzy, a z ca\u0142kowit\u0105 czyli stu procentow\u0105 pewno\u015bci\u0105 b\u0119dziemy z nich zadowoleni. <!--more--> Stale powi\u0119kszaj\u0105ca si\u0119 ilo\u015b\u0107 ludzi ch\u0119tnie decyduje si\u0119 na wynaj\u0119cie fotografa \u015blubnego z My\u015blenic, gdy\u017c mamy w\u00f3wczas ca\u0142kowit\u0105 zapewnienie tego, \u017ce fotografie \u015blubne spe\u0142ni\u0105 nasze oczekiwania i b\u0119d\u0105 nam s\u0142u\u017cy\u0142y jako pami\u0105tka przez d\u0142ugie lata, co jest de fakto bardzo istotn\u0105 kwesti\u0105. <strong>Fotografia \u015blubna Krak\u00f3w<\/strong> to te\u017c bardzo dobry wyb\u00f3r, w szczeg\u00f3lno\u015bci je\u017celi chodzi nam o sesj\u0119 \u015blubn\u0105 w plenerze, do wyboru mamy tutaj wiele miejsc, dlatego te\u017c ostateczna decyzja nale\u017cy jedynie i jedynie do nas samych. Trzeba ze staranno\u015bci\u0105 przeanalizowa\u0107 wszelkie mo\u017cliwe oferty, a w\u00f3wczas u\u0142atwimy sobie zadanie i niew\u0105tpliwie wybierzemy dla siebie , a ponadto swojego partnera odpowiedni\u0105 opcj\u0119, kt\u00f3ra nam si\u0119 spodoba. Musimy jednak pami\u0119ta\u0107 o tym, \u017ce<strong> fotografia \u015blubna Tarn\u00f3w<\/strong> to zbi\u00f3r element\u00f3w, kt\u00f3re musz\u0105 idealnie ze sob\u0105 wsp\u00f3\u0142gra\u0107, przyda si\u0119 w\u00f3wczas te\u017c znakomita pogoda, dzi\u0119ki czemu zdj\u0119cia wyjd\u0105 de facto w\u0142a\u015bciwie, a do tego nale\u017cy wszak d\u0105\u017cy\u0107 w takim dniu. Profesjonalne fotografie \u015blubne to marzenie wszystkich os\u00f3b, kt\u00f3re decyduj\u0105 si\u0119 na \u015blub, r\u00f3wnie\u017c w jaki spos\u00f3b wida\u0107 wyra\u017anie nie ma co oszcz\u0119dza\u0107 pieni\u0119dzy na fotografie, poniewa\u017c dzi\u0119ki profesjonali\u015bcie b\u0119dziemy mieli niezapomniane zdj\u0119cia.<\/p>\n<p>Zobacz wi\u0119cej: <a href=\"http:\/\/bmkesek.com\/\">plener \u015blubny w tatrach<\/a><\/p>\n","protected":false},"excerpt":{"rendered":"<p>\u015alub to najistotniejsze wydarzenie dla ka\u017cdej osoby, tak\u017ce trzeba w\u00f3wczas zainwestowa\u0107 w specjalistycznego fotografa, kt\u00f3ry zajmie si\u0119 dla nas robieniem zdj\u0119\u0107 nie tylko z ceremonii \u015blubnej, niemniej jednak tak\u017ce i z wesela. Wiadomo, \u017ce fotografia \u015blubna My\u015blenice to jeden z najlepszych wybor\u00f3w w tera\u017aniejszych czasach, poniewa\u017c za takie us\u0142ugi nie zap\u0142acimy zbyt wiele pieni\u0119dzy, a [&hellip;]<\/p>\n","protected":false},"author":1,"featured_media":0,"comment_status":"open","ping_status":"open","sticky":false,"template":"","format":"standard","meta":[],"categories":[1],"tags":[],"_links":{"self":[{"href":"http:\/\/wiedza.pagematerialy.pl\/index.php?rest_route=\/wp\/v2\/posts\/963"}],"collection":[{"href":"http:\/\/wiedza.pagematerialy.pl\/index.php?rest_route=\/wp\/v2\/posts"}],"about":[{"href":"http:\/\/wiedza.pagematerialy.pl\/index.php?rest_route=\/wp\/v2\/types\/post"}],"author":[{"embeddable":true,"href":"http:\/\/wiedza.pagematerialy.pl\/index.php?rest_route=\/wp\/v2\/users\/1"}],"replies":[{"embeddable":true,"href":"http:\/\/wiedza.pagematerialy.pl\/index.php?rest_route=%2Fwp%2Fv2%2Fcomments&post=963"}],"version-history":[{"count":1,"href":"http:\/\/wiedza.pagematerialy.pl\/index.php?rest_route=\/wp\/v2\/posts\/963\/revisions"}],"predecessor-version":[{"id":964,"href":"http:\/\/wiedza.pagematerialy.pl\/index.php?rest_route=\/wp\/v2\/posts\/963\/revisions\/964"}],"wp:attachment":[{"href":"http:\/\/wiedza.pagematerialy.pl\/index.php?rest_route=%2Fwp%2Fv2%2Fmedia&parent=963"}],"wp:term":[{"taxonomy":"category","embeddable":true,"href":"http:\/\/wiedza.pagematerialy.pl\/index.php?rest_route=%2Fwp%2Fv2%2Fcategories&post=963"},{"taxonomy":"post_tag","embeddable":true,"href":"http:\/\/wiedza.pagematerialy.pl\/index.php?rest_route=%2Fwp%2Fv2%2Ftags&post=963"}],"curies":[{"name":"wp","href":"https:\/\/api.w.org\/{rel}","templated":true}]}}